{"id":15214,"date":"2026-03-12T01:51:54","date_gmt":"2026-03-12T04:51:54","guid":{"rendered":"https:\/\/rdmadvogados.com.br\/blog\/dano-moral-humilhacao-trabalho-monte-verde\/"},"modified":"2026-03-12T01:51:54","modified_gmt":"2026-03-12T04:51:54","slug":"dano-moral-humilhacao-trabalho-monte-verde","status":"publish","type":"post","link":"https:\/\/rdmadvogados.com.br\/blog\/dano-moral-humilhacao-trabalho-monte-verde\/","title":{"rendered":"Humilha\u00e7\u00e3o no Trabalho em Monte Verde: Guia Sobre Dano Moral"},"content":{"rendered":"<article>\n<section>\n<h2>Voc\u00ea se sente humilhado no seu trabalho em Monte Verde?<\/h2>\n<p>Ir trabalhar n\u00e3o deveria causar medo ou ansiedade. Mas para muitos, \u00e9 exatamente isso que acontece. Gritos, piadas ofensivas ou cobran\u00e7as exageradas na frente de todos. Se essa \u00e9 a sua realidade, saiba que voc\u00ea n\u00e3o est\u00e1 sozinho. E mais importante: isso \u00e9 ilegal.<\/p>\n<p>A humilha\u00e7\u00e3o no ambiente de trabalho \u00e9 uma forma de viol\u00eancia. Ela afeta sua sa\u00fade mental e sua dignidade. O que muitos chefes tratam como &#8220;press\u00e3o normal&#8221; pode ser, na verdade, ass\u00e9dio moral. A lei protege o trabalhador contra esse tipo de abuso.<\/p>\n<\/section>\n<section>\n<h2>O que a Lei Diz Sobre Humilha\u00e7\u00e3o no Trabalho?<\/h2>\n<p>A Constitui\u00e7\u00e3o Federal e a <a href=\"https:\/\/www.planalto.gov.br\/ccivil_03\/decreto-lei\/del5452.htm\" target=\"_blank\" rel=\"noopener noreferrer\">Consolida\u00e7\u00e3o das Leis do Trabalho (CLT)<\/a> s\u00e3o claras. Elas garantem um ambiente de trabalho saud\u00e1vel e respeitoso. A dignidade da pessoa humana \u00e9 um direito fundamental. Quando um empregador permite ou causa humilha\u00e7\u00e3o, ele descumpre a lei.<\/p>\n<p>Na pr\u00e1tica, isso significa que voc\u00ea tem o direito de ser tratado com respeito. Qualquer ato que ofenda sua honra ou imagem pode gerar o dever de indenizar. Isso \u00e9 o que chamamos de dano moral. \u00c9 uma compensa\u00e7\u00e3o financeira pelo sofrimento causado.<\/p>\n<\/section>\n<section>\n<h2>Como Identificar a Humilha\u00e7\u00e3o que Gera Dano Moral?<\/h2>\n<p>Nem todo desconforto no trabalho \u00e9 dano moral. A humilha\u00e7\u00e3o que gera indeniza\u00e7\u00e3o costuma ser repetitiva e intencional. O objetivo \u00e9 desestabilizar o funcion\u00e1rio. Veja alguns exemplos comuns:<\/p>\n<ul>\n<li>Gritos e xingamentos, especialmente na frente de colegas.<\/li>\n<li>Apelidos ofensivos e piadas de mau gosto.<\/li>\n<li>Cr\u00edticas exageradas e desproporcionais ao erro.<\/li>\n<li>Isolamento for\u00e7ado do resto da equipe.<\/li>\n<li>Atribuir tarefas imposs\u00edveis de serem cumpridas.<\/li>\n<li>Amea\u00e7as constantes de demiss\u00e3o.<\/li>\n<\/ul>\n<p>Se voc\u00ea passa por situa\u00e7\u00f5es assim, \u00e9 hora de agir. Documentar tudo \u00e9 o primeiro passo. Um <a href=\"https:\/\/rdmadvogados.com.br\/blog\/advogado-trabalhista-no-catete-rj-seus-direitos-protegidos\/\">advogado trabalhista experiente<\/a> pode orientar sobre como proteger seus direitos.<\/p>\n<\/section>\n<section>\n<h2>Passo a Passo: Como Provar a Humilha\u00e7\u00e3o no Trabalho?<\/h2>\n<p>Provar o dano moral \u00e9 a parte mais importante de um processo. O juiz precisa ter certeza do que aconteceu. Vou ser direto com voc\u00ea: sem provas, a chance de sucesso diminui muito. Por isso, comece a se organizar agora.<\/p>\n<ol>\n<li><strong>Guarde e-mails e mensagens:<\/strong> Salve todas as conversas de texto, \u00e1udios e e-mails que mostrem o abuso. Crie uma pasta segura para guardar tudo.<\/li>\n<li><strong>Anote tudo:<\/strong> Tenha um di\u00e1rio. Anote data, hora, o que foi dito, quem estava presente e como voc\u00ea se sentiu. Detalhes s\u00e3o fundamentais.<\/li>\n<li><strong>Busque testemunhas:<\/strong> Colegas que viram as humilha\u00e7\u00f5es s\u00e3o provas poderosas. Converse com pessoas de sua confian\u00e7a. Elas podem ser essenciais em um <a href=\"https:\/\/rdmadvogados.com.br\/blog\/processo-trabalhista-no-leblon-saiba-como-agir-e-proteger-seus-direitos\/\">processo trabalhista<\/a>.<\/li>\n<li><strong>Grava\u00e7\u00f5es de \u00e1udio:<\/strong> Gravar conversas das quais voc\u00ea participa \u00e9, em geral, uma prova v\u00e1lida na Justi\u00e7a do Trabalho. Use com cautela e orienta\u00e7\u00e3o legal.<\/li>\n<li><strong>Atestados m\u00e9dicos:<\/strong> Se o estresse causou problemas de sa\u00fade (ansiedade, depress\u00e3o), guarde todos os laudos e atestados. Eles ligam o abuso ao seu sofrimento.<\/li>\n<\/ol>\n<blockquote>\n<p><strong>O que ningu\u00e9m te conta:<\/strong> Muitas vezes, a empresa tenta fazer um acordo r\u00e1pido e baixo quando percebe que o funcion\u00e1rio tem provas. N\u00e3o aceite nada sem antes consultar um especialista em <a href=\"https:\/\/rdmadvogados.com.br\/blog\/direitos-trabalhistas-em-ipanema-rj-defenda-o-que-e-seu-por-lei\/\">direitos trabalhistas<\/a>.<\/p>\n<\/blockquote>\n<\/section>\n<section>\n<h2>Qual o Valor de uma Indeniza\u00e7\u00e3o por Dano Moral?<\/h2>\n<p>N\u00e3o existe uma tabela fixa. O valor da indeniza\u00e7\u00e3o depende de v\u00e1rios fatores. O juiz analisa a gravidade da ofensa, o tempo que durou, o poder econ\u00f4mico da empresa e o impacto na vida do trabalhador. A reforma trabalhista criou alguns par\u00e2metros, mas a an\u00e1lise \u00e9 caso a caso.<\/p>\n<p>O objetivo \u00e9 duplo: compensar a v\u00edtima e educar a empresa para que n\u00e3o repita o erro. Um <a href=\"https:\/\/rdmadvogados.com.br\/blog\/advogado-trabalhista-leblon-rj-defenda-seus-direitos-agora\/\">advogado trabalhista em Monte Verde<\/a> pode analisar seu caso e dar uma estimativa realista com base em casos parecidos.<\/p>\n<p>Se a situa\u00e7\u00e3o se tornou insuport\u00e1vel, voc\u00ea pode ter direito \u00e0 <strong>rescis\u00e3o indireta<\/strong>. Em portugu\u00eas claro: \u00e9 como se voc\u00ea &#8220;demitisse&#8221; o seu patr\u00e3o por justa causa, recebendo todos os seus direitos como se tivesse sido demitido. \u00c9 uma sa\u00edda para quem n\u00e3o aguenta mais o ambiente de trabalho, como explicamos em casos de <a href=\"https:\/\/rdmadvogados.com.br\/blog\/fui-demitido-no-catete-advogado-lista-seus-direitos-e-prazos\/\">demiss\u00e3o no Catete<\/a>.<\/p>\n<p><strong>N\u00e3o espere a situa\u00e7\u00e3o piorar. A RDM Advogados pode analisar seu caso. <a href=\"https:\/\/rdmadvogados.com.br\/contato\/\">Fale conosco agora e proteja seus direitos.<\/a><\/strong><\/p>\n<\/section>\n<section>\n<h2>Erros Comuns que Voc\u00ea Deve Evitar<\/h2>\n<p>Muitos trabalhadores perdem seus direitos por cometerem erros simples. Fique atento para n\u00e3o cair nessas armadilhas:<\/p>\n<ul>\n<li><strong>Pedir demiss\u00e3o por impulso:<\/strong> Ao pedir demiss\u00e3o, voc\u00ea abre m\u00e3o de v\u00e1rios direitos, como o aviso pr\u00e9vio e a multa de 40% do FGTS. Busque a rescis\u00e3o indireta.<\/li>\n<li><strong>N\u00e3o reunir provas:<\/strong> Achar que &#8220;s\u00f3 a minha palavra basta&#8221; \u00e9 um erro grave. Sem provas, seu caso fica fraco.<\/li>\n<li><strong>Falar sobre o processo com colegas:<\/strong> Mantenha a discri\u00e7\u00e3o. Comentar sobre suas inten\u00e7\u00f5es pode alertar a empresa e dificultar a coleta de provas.<\/li>\n<li><strong>Demorar para agir:<\/strong> Voc\u00ea tem at\u00e9 dois anos ap\u00f3s o fim do contrato para entrar com um <a href=\"https:\/\/rdmadvogados.com.br\/blog\/processo-trabalhista-em-ipanema-como-garantir-seus-direitos-em-2026\/\">processo trabalhista<\/a>. N\u00e3o deixe o tempo passar.<\/li>\n<\/ul>\n<\/section>\n<section>\n<h2>Acompanhe Nossos Canais e Fique por Dentro<\/h2>\n<p>Informa\u00e7\u00e3o \u00e9 poder. N\u00f3s da RDM Advogados produzimos conte\u00fado para ajudar trabalhadores como voc\u00ea a entenderem seus direitos de forma clara e direta. Siga-nos:<\/p>\n<ul>\n<li><strong>Dicas di\u00e1rias:<\/strong> <a href=\"https:\/\/www.instagram.com\/rdmadvogados\/\" target=\"_blank\" rel=\"noopener noreferrer\">Acompanhe nosso Instagram<\/a>.<\/li>\n<li><strong>V\u00eddeos explicativos:<\/strong> <a href=\"https:\/\/www.youtube.com\/@dr.madeira\" target=\"_blank\" rel=\"noopener noreferrer\">Inscreva-se no nosso canal do YouTube<\/a>.<\/li>\n<li><strong>Conte\u00fado profissional:<\/strong> <a href=\"https:\/\/www.linkedin.com\/in\/randalos-madeira\/\" target=\"_blank\" rel=\"noopener noreferrer\">Conecte-se conosco no LinkedIn<\/a>.<\/li>\n<li><strong>Encontre nosso escrit\u00f3rio:<\/strong> <a href=\"https:\/\/share.google\/3X0RBbxThLoHOO1sA\" target=\"_blank\" rel=\"noopener noreferrer\">Visite-nos com ajuda do Google Maps<\/a>.<\/li>\n<li><strong>Todos os links em um s\u00f3 lugar:<\/strong> <a href=\"https:\/\/rdmadvogados.com.br\/links\/\" target=\"_blank\" rel=\"noopener noreferrer\">Acesse todos os nossos canais<\/a>.<\/li>\n<\/ul>\n<\/section>\n<section>\n<h2>Perguntas Frequentes sobre Dano Moral no Trabalho<\/h2>\n<h3>O que fazer se a humilha\u00e7\u00e3o vem de um colega e n\u00e3o do chefe?<\/h3>\n<p>A empresa \u00e9 respons\u00e1vel por manter um ambiente de trabalho seguro. Se voc\u00ea for humilhado por um colega, deve informar oficialmente ao RH ou ao seu superior. Se a empresa n\u00e3o tomar nenhuma atitude, ela tamb\u00e9m pode ser responsabilizada.<\/p>\n<h3>Posso ser demitido por entrar com um processo contra a empresa?<\/h3>\n<p>N\u00e3o. A lei pro\u00edbe a demiss\u00e3o como retalia\u00e7\u00e3o por o funcion\u00e1rio buscar seus direitos. Se isso acontecer, pode ser considerada uma dispensa discriminat\u00f3ria, gerando direito a uma indeniza\u00e7\u00e3o ainda maior. A situa\u00e7\u00e3o \u00e9 similar quando se discute <a href=\"https:\/\/rdmadvogados.com.br\/blog\/fui-demitido-na-lapa-advogado-trabalhista-explica-seus-direitos\/\">direitos ap\u00f3s a demiss\u00e3o<\/a>.<\/p>\n<h3>Quanto tempo demora um processo de dano moral?<\/h3>\n<p>Varia muito. Pode levar de alguns meses a v\u00e1rios anos. Depende da complexidade do caso, das provas e da vara do trabalho onde o processo corre. Muitos casos terminam em acordo antes do julgamento final, o que acelera o recebimento dos valores.<\/p>\n<h3>Gritar com um funcion\u00e1rio uma \u00fanica vez j\u00e1 \u00e9 dano moral?<\/h3>\n<p>Um evento isolado pode, sim, configurar dano moral, dependendo da gravidade. Se o grito foi acompanhado de xingamentos pesados na frente de clientes, por exemplo, a ofensa \u00e9 grave. A an\u00e1lise sobre os <a href=\"https:\/\/rdmadvogados.com.br\/blog\/direitos-trabalhistas-na-lapa-rj-saiba-como-agir-em-2026\/\">direitos trabalhistas<\/a> sempre considera o contexto.<\/p>\n<h3>Preciso de um advogado para entrar com a a\u00e7\u00e3o?<\/h3>\n<p>Embora seja poss\u00edvel entrar com uma a\u00e7\u00e3o sem advogado (jus postulandi), n\u00e3o \u00e9 recomendado. Um <a href=\"https:\/\/rdmadvogados.com.br\/blog\/advogado-trabalhista-na-lapa-rj-saiba-como-proteger-seus-direitos-em-2026\/\">advogado trabalhista<\/a> conhece os detalhes t\u00e9cnicos e as estrat\u00e9gias para aumentar suas chances de sucesso e garantir que todos os seus direitos, como em um <a href=\"https:\/\/rdmadvogados.com.br\/blog\/processo-trabalhista-na-lapa-sp-como-garantir-seus-direitos-em-2026\/\">processo trabalhista na Lapa<\/a>, sejam pedidos corretamente.<\/p>\n<\/section>\n<section>\n<h2>Conclus\u00e3o: D\u00ea um Basta na Humilha\u00e7\u00e3o<\/h2>\n<p>Ningu\u00e9m merece trabalhar em um ambiente t\u00f3xico. A humilha\u00e7\u00e3o no trabalho em Monte Verde n\u00e3o \u00e9 algo que voc\u00ea precise suportar calado. A lei est\u00e1 do seu lado, mas voc\u00ea precisa dar o primeiro passo para fazer seus direitos valerem.<\/p>\n<p>Reunir provas e buscar orienta\u00e7\u00e3o jur\u00eddica especializada s\u00e3o as atitudes mais inteligentes. N\u00e3o deixe o medo paralisar voc\u00ea. Proteger sua sa\u00fade mental e sua dignidade \u00e9 fundamental. A justi\u00e7a existe para reequilibrar situa\u00e7\u00f5es de abuso como essa.<\/p>\n<p><strong>Voc\u00ea est\u00e1 pronto para lutar por respeito? A equipe da RDM Advogados est\u00e1 aqui para ajudar. <a href=\"https:\/\/rdmadvogados.com.br\/contato\/\">Entre em contato hoje mesmo para uma avalia\u00e7\u00e3o confidencial do seu caso.<\/a><\/strong><\/p>\n<\/section>\n<\/article>\n","protected":false},"excerpt":{"rendered":"<p>Sofrendo humilha\u00e7\u00e3o no trabalho em Monte Verde? Entenda o que \u00e9 dano moral, como provar o abuso e quais s\u00e3o seus direitos para buscar uma indeniza\u00e7\u00e3o. Proteja-se.<\/p>\n","protected":false},"author":0,"featured_media":15213,"comment_status":"open","ping_status":"closed","sticky":false,"template":"","format":"standard","meta":{"footnotes":""},"categories":[1],"tags":[],"class_list":["post-15214","post","type-post","status-publish","format-standard","has-post-thumbnail","hentry","category-sem-categoria"],"_links":{"self":[{"href":"https:\/\/rdmadvogados.com.br\/blog\/wp-json\/wp\/v2\/posts\/15214","targetHints":{"allow":["GET"]}}],"collection":[{"href":"https:\/\/rdmadvogados.com.br\/blog\/wp-json\/wp\/v2\/posts"}],"about":[{"href":"https:\/\/rdmadvogados.com.br\/blog\/wp-json\/wp\/v2\/types\/post"}],"replies":[{"embeddable":true,"href":"https:\/\/rdmadvogados.com.br\/blog\/wp-json\/wp\/v2\/comments?post=15214"}],"version-history":[{"count":0,"href":"https:\/\/rdmadvogados.com.br\/blog\/wp-json\/wp\/v2\/posts\/15214\/revisions"}],"wp:featuredmedia":[{"embeddable":true,"href":"https:\/\/rdmadvogados.com.br\/blog\/wp-json\/wp\/v2\/media\/15213"}],"wp:attachment":[{"href":"https:\/\/rdmadvogados.com.br\/blog\/wp-json\/wp\/v2\/media?parent=15214"}],"wp:term":[{"taxonomy":"category","embeddable":true,"href":"https:\/\/rdmadvogados.com.br\/blog\/wp-json\/wp\/v2\/categories?post=15214"},{"taxonomy":"post_tag","embeddable":true,"href":"https:\/\/rdmadvogados.com.br\/blog\/wp-json\/wp\/v2\/tags?post=15214"}],"curies":[{"name":"wp","href":"https:\/\/api.w.org\/{rel}","templated":true}]}}