{"id":16284,"date":"2026-03-13T23:47:05","date_gmt":"2026-03-14T02:47:05","guid":{"rendered":"https:\/\/rdmadvogados.com.br\/blog\/como-cobrar-horas-extras-conceicao-dos-ouros-2\/"},"modified":"2026-03-13T23:47:05","modified_gmt":"2026-03-14T02:47:05","slug":"como-cobrar-horas-extras-conceicao-dos-ouros-2","status":"publish","type":"post","link":"https:\/\/rdmadvogados.com.br\/blog\/como-cobrar-horas-extras-conceicao-dos-ouros-2\/","title":{"rendered":"Horas Extras em Concei\u00e7\u00e3o dos Ouros: Como Cobrar Seus Direitos"},"content":{"rendered":"<article>\n<section>\n<h2>Voc\u00ea trabalha al\u00e9m do hor\u00e1rio em Concei\u00e7\u00e3o dos Ouros?<\/h2>\n<p>Muitos trabalhadores ficam at\u00e9 mais tarde no servi\u00e7o. O chefe pede para terminar uma tarefa urgente. Ou talvez voc\u00ea cubra o turno de um colega. Essa situa\u00e7\u00e3o \u00e9 comum em Concei\u00e7\u00e3o dos Ouros. Mas o seu esfor\u00e7o extra est\u00e1 sendo pago corretamente?<\/p>\n<p>Ficar al\u00e9m da jornada normal de trabalho sem receber o valor justo \u00e9 ilegal. Esse tempo a mais \u00e9 um direito seu, conhecido como hora extra. Infelizmente, muitas empresas n\u00e3o pagam o que devem. Elas contam com a falta de informa\u00e7\u00e3o do funcion\u00e1rio.<\/p>\n<\/section>\n<section>\n<h2>O Que a Lei Diz Sobre Horas Extras?<\/h2>\n<p>A Consolida\u00e7\u00e3o das Leis do Trabalho (CLT) \u00e9 muito clara. Todo trabalho que ultrapassa a jornada contratada deve ser pago com um adicional. N\u00e3o \u00e9 um favor do patr\u00e3o, \u00e9 uma obriga\u00e7\u00e3o legal. A regra geral determina um pagamento maior pela hora extra.<\/p>\n<p>Conforme a <a href=\"https:\/\/www.planalto.gov.br\/ccivil_03\/decreto-lei\/del5452.htm\" target=\"_blank\" rel=\"noopener noreferrer\">lei trabalhista brasileira<\/a>, o valor da hora extra deve ser, no m\u00ednimo, 50% superior ao valor da hora normal. Em domingos e feriados, esse valor sobe para 100%. Entender isso \u00e9 o primeiro passo para garantir o que \u00e9 seu por direito.<\/p>\n<blockquote>\n<p><strong>Vou ser direto com voc\u00ea:<\/strong> deixar de cobrar suas horas extras \u00e9 como dar dinheiro de gra\u00e7a para a empresa. Se voc\u00ea trabalhou, voc\u00ea tem o direito de receber por cada minuto.<\/p>\n<\/blockquote>\n<\/section>\n<section>\n<h2>Como Calcular Suas Horas Extras na Pr\u00e1tica<\/h2>\n<p>Calcular o valor pode parecer complicado, mas n\u00e3o \u00e9. Vamos simplificar o processo para voc\u00ea. Siga estes passos simples para saber quanto voc\u00ea deveria receber.<\/p>\n<h3>Passo 1: Encontre o valor da sua hora normal<\/h3>\n<p>Primeiro, pegue o seu sal\u00e1rio mensal bruto. Divida esse valor pelo n\u00famero de horas que voc\u00ea trabalha no m\u00eas. Geralmente, a jornada \u00e9 de 220 horas mensais para quem trabalha 44 horas por semana.<\/p>\n<p><em>Exemplo:<\/em> Se seu sal\u00e1rio \u00e9 R$ 2.200,00, sua hora normal vale R$ 10,00 (2200 \/ 220).<\/p>\n<h3>Passo 2: Calcule o adicional de 50%<\/h3>\n<p>Para horas extras feitas de segunda a s\u00e1bado, o adicional \u00e9 de 50%. Pegue o valor da sua hora normal e some metade dele.<\/p>\n<p><em>Exemplo:<\/em> R$ 10,00 (hora normal) + R$ 5,00 (50%) = R$ 15,00 por hora extra.<\/p>\n<h3>Passo 3: Calcule o adicional de 100%<\/h3>\n<p>Se voc\u00ea trabalhou em um domingo ou feriado, o adicional \u00e9 de 100%. Isso significa que a hora extra vale o dobro da sua hora normal.<\/p>\n<p><em>Exemplo:<\/em> R$ 10,00 (hora normal) x 2 = R$ 20,00 por hora extra.<\/p>\n<table>\n<thead>\n<tr>\n<th>Tipo de Hora Extra<\/th>\n<th>C\u00e1lculo (Exemplo com hora de R$10)<\/th>\n<th>Valor Final por Hora<\/th>\n<\/tr>\n<\/thead>\n<tbody>\n<tr>\n<td>Dias de semana e s\u00e1bados<\/td>\n<td>R$ 10,00 + 50%<\/td>\n<td><strong>R$ 15,00<\/strong><\/td>\n<\/tr>\n<tr>\n<td>Domingos e feriados<\/td>\n<td>R$ 10,00 + 100%<\/td>\n<td><strong>R$ 20,00<\/strong><\/td>\n<\/tr>\n<\/tbody>\n<\/table>\n<p>Se voc\u00ea foi demitido, o c\u00e1lculo das horas extras n\u00e3o pagas entra na sua rescis\u00e3o. Entenda melhor seus <a href=\"https:\/\/rdmadvogados.com.br\/blog\/fui-demitido-no-catete-advogado-lista-seus-direitos-e-prazos\/\">direitos em caso de demiss\u00e3o<\/a>.<\/p>\n<\/section>\n<section>\n<h2>Quais Provas Juntar Para Cobrar as Horas Extras?<\/h2>\n<p>Para cobrar suas horas extras, voc\u00ea precisa provar que trabalhou al\u00e9m do hor\u00e1rio. A justi\u00e7a precisa de evid\u00eancias concretas. Guardar documentos \u00e9 fundamental para proteger seus direitos.<\/p>\n<p>O que ningu\u00e9m te conta \u00e9 que provas simples do dia a dia t\u00eam muito valor. Uma mensagem no WhatsApp pode ser decisiva. Veja o que voc\u00ea pode usar:<\/p>\n<ul>\n<li><strong>Registro de ponto:<\/strong> Seja eletr\u00f4nico ou em livro, \u00e9 a prova principal.<\/li>\n<li><strong>E-mails e mensagens:<\/strong> Conversas com seu chefe pedindo para ficar mais tarde.<\/li>\n<li><strong>Relat\u00f3rios de trabalho:<\/strong> Documentos que mostram o hor\u00e1rio de envio.<\/li>\n<li><strong>Testemunhas:<\/strong> Colegas de trabalho que podem confirmar sua jornada.<\/li>\n<\/ul>\n<p>Organizar essas provas aumenta muito suas chances em um <a href=\"https:\/\/rdmadvogados.com.br\/blog\/processo-trabalhista-no-catete-seus-direitos-e-como-agir-em-2024\/\">processo trabalhista<\/a>. N\u00e3o descarte nada que possa comprovar seu trabalho.<\/p>\n<p>Acha que seus direitos n\u00e3o est\u00e3o sendo respeitados? A RDM Advogados pode ajudar. <a href=\"https:\/\/rdmadvogados.com.br\/blog\/advogado-trabalhista-no-catete-rj-seus-direitos-protegidos\/\">Fale com um advogado trabalhista<\/a> e avalie seu caso.<\/p>\n<\/section>\n<section>\n<h2>Erros Comuns que Impedem Voc\u00ea de Receber<\/h2>\n<p>Muitos trabalhadores perdem o direito \u00e0s horas extras por erros simples. Conhecer esses erros ajuda a evit\u00e1-los. Fique atento para n\u00e3o cair nessas armadilhas.<\/p>\n<h3>1. Aceitar banco de horas sem acordo formal<\/h3>\n<p>O banco de horas s\u00f3 \u00e9 v\u00e1lido se existir um acordo escrito, individual ou coletivo. Se n\u00e3o h\u00e1 um documento formal, a empresa deve pagar as horas extras em dinheiro, com o devido adicional. A informalidade prejudica seus <a href=\"https:\/\/rdmadvogados.com.br\/blog\/direitos-trabalhistas-na-lapa-rj-saiba-como-agir-em-2026\/\">direitos trabalhistas<\/a>.<\/p>\n<h3>2. N\u00e3o registrar o hor\u00e1rio corretamente<\/h3>\n<p>Algumas empresas pedem para o funcion\u00e1rio bater o ponto e continuar trabalhando. Isso \u00e9 fraude. Sempre registre o hor\u00e1rio exato de entrada e sa\u00edda. Se n\u00e3o for poss\u00edvel, anote em um caderno pessoal e junte outras provas.<\/p>\n<h3>3. Demorar muito para cobrar<\/h3>\n<p>Na pr\u00e1tica, o que acontece de verdade \u00e9 que o tempo joga contra voc\u00ea. Voc\u00ea tem at\u00e9 dois anos ap\u00f3s sair da empresa para entrar com uma a\u00e7\u00e3o. E s\u00f3 pode cobrar as horas extras dos \u00faltimos cinco anos. N\u00e3o espere seu direito prescrever. Se <a href=\"https:\/\/rdmadvogados.com.br\/blog\/fui-demitido-na-lapa-advogado-trabalhista-explica-seus-direitos\/\">voc\u00ea foi demitido<\/a>, o tempo come\u00e7a a contar.<\/p>\n<h3>4. Confiar apenas em acordos verbais<\/h3>\n<p>\u201cPode deixar que eu te pago depois\u201d. Promessas verbais n\u00e3o t\u00eam valor legal se a empresa decidir n\u00e3o cumprir. Sempre que poss\u00edvel, pe\u00e7a para formalizar qualquer acordo por e-mail ou mensagem. A documenta\u00e7\u00e3o \u00e9 sua seguran\u00e7a.<\/p>\n<\/section>\n<section>\n<h2>Acompanhe a RDM Advogados e Fique por Dentro<\/h2>\n<p>Informa\u00e7\u00e3o \u00e9 a sua melhor ferramenta. N\u00f3s da RDM Advogados produzimos conte\u00fado para ajudar voc\u00ea a entender seus direitos de forma clara e direta. Siga nossos canais:<\/p>\n<ul>\n<li><strong>Dicas di\u00e1rias:<\/strong> Acompanhe nosso <a href=\"https:\/\/www.instagram.com\/rdmadvogados\/\" target=\"_blank\" rel=\"noopener noreferrer\">Instagram<\/a>.<\/li>\n<li><strong>V\u00eddeos explicativos:<\/strong> Inscreva-se no nosso canal do <a href=\"https:\/\/www.youtube.com\/@dr.madeira\" target=\"_blank\" rel=\"noopener noreferrer\">YouTube<\/a>.<\/li>\n<li><strong>Conte\u00fado profissional:<\/strong> Conecte-se conosco no <a href=\"https:\/\/www.linkedin.com\/in\/randalos-madeira\/\" target=\"_blank\" rel=\"noopener noreferrer\">LinkedIn<\/a>.<\/li>\n<li><strong>V\u00eddeos r\u00e1pidos:<\/strong> Veja nossos conte\u00fados no <a href=\"https:\/\/www.tiktok.com\/@randalosmadeiradv?lang=pt-BR\" target=\"_blank\" rel=\"noopener noreferrer\">TikTok<\/a>.<\/li>\n<li><strong>Todos os links:<\/strong> Acesse nossa p\u00e1gina de <a href=\"https:\/\/rdmadvogados.com.br\/links\/\" target=\"_blank\" rel=\"noopener noreferrer\">links \u00fateis<\/a>.<\/li>\n<\/ul>\n<p>Saber como funciona um <a href=\"https:\/\/rdmadvogados.com.br\/blog\/processo-trabalhista-na-lapa-sp-como-garantir-seus-direitos-em-2026\/\">processo trabalhista<\/a> pode fazer toda a diferen\u00e7a. N\u00f3s estamos aqui para simplificar o juridiqu\u00eas.<\/p>\n<\/section>\n<section>\n<h2>Perguntas Frequentes sobre Horas Extras<\/h2>\n<p>Ainda tem d\u00favidas? Reunimos aqui as perguntas mais comuns que recebemos de trabalhadores em Concei\u00e7\u00e3o dos Ouros e regi\u00e3o.<\/p>\n<h3>Meu hor\u00e1rio de almo\u00e7o pode ser considerado hora extra?<\/h3>\n<p>Sim. Se a empresa n\u00e3o permite que voc\u00ea tire sua hora completa de almo\u00e7o (geralmente uma hora), o tempo suprimido deve ser pago como hora extra, com adicional de 50%.<\/p>\n<h3>Tenho cargo de confian\u00e7a. Tenho direito a horas extras?<\/h3>\n<p>Na maioria dos casos, n\u00e3o. Cargos de gest\u00e3o, como gerentes e diretores, geralmente n\u00e3o t\u00eam controle de jornada e, por isso, n\u00e3o recebem horas extras. Mas \u00e9 preciso analisar se o cargo realmente se enquadra como de confian\u00e7a. Muitos <a href=\"https:\/\/rdmadvogados.com.br\/blog\/direitos-trabalhistas-no-leblon-rj-como-um-advogado-pode-proteger-voce-em-2026\/\">direitos trabalhistas<\/a> s\u00e3o mantidos.<\/p>\n<h3>Qual o prazo m\u00e1ximo para cobrar horas extras na Justi\u00e7a?<\/h3>\n<p>Voc\u00ea tem at\u00e9 2 anos ap\u00f3s o fim do contrato de trabalho para iniciar um processo. Dentro dessa a\u00e7\u00e3o, voc\u00ea pode cobrar os valores referentes aos \u00faltimos 5 anos de trabalho. Se <a href=\"https:\/\/rdmadvogados.com.br\/blog\/fui-demitido-no-leblon-advogado-trabalhista-explica-seus-direitos\/\">voc\u00ea foi demitido no Leblon<\/a> ou em qualquer outra localidade, a regra \u00e9 a mesma.<\/p>\n<h3>A empresa pode me demitir se eu cobrar meus direitos?<\/h3>\n<p>N\u00e3o. Cobrar o que \u00e9 seu por direito n\u00e3o \u00e9 motivo para demiss\u00e3o por justa causa. Se a empresa demitir voc\u00ea como retalia\u00e7\u00e3o, isso pode ser considerado uma dispensa discriminat\u00f3ria, gerando direito a indeniza\u00e7\u00f5es. Um <a href=\"https:\/\/rdmadvogados.com.br\/blog\/advogado-trabalhista-leblon-rj-defenda-seus-direitos-agora\/\">advogado trabalhista pode orientar<\/a> sobre como proceder.<\/p>\n<h3>O que s\u00e3o horas extras noturnas?<\/h3>\n<p>S\u00e3o as horas trabalhadas entre 22h e 5h. Al\u00e9m do adicional de 50% (ou 100%), elas t\u00eam um acr\u00e9scimo de 20% sobre o valor da hora, conhecido como adicional noturno. A hora noturna tamb\u00e9m \u00e9 mais curta, durando 52 minutos e 30 segundos. Isso \u00e9 fundamental para proteger seus <a href=\"https:\/\/rdmadvogados.com.br\/blog\/direitos-trabalhistas-em-ipanema-rj-defenda-o-que-e-seu-por-lei\/\">direitos trabalhistas em qualquer localidade<\/a>.<\/p>\n<\/section>\n<section>\n<h2>Conclus\u00e3o: N\u00e3o Deixe Seu Direito Para Depois<\/h2>\n<p>Suas horas extras s\u00e3o parte do seu sal\u00e1rio. Deixar de receb\u00ea-las \u00e9 um preju\u00edzo direto no seu bolso. Em Concei\u00e7\u00e3o dos Ouros, muitos trabalhadores perdem dinheiro por n\u00e3o saberem como agir. Agora voc\u00ea sabe os passos b\u00e1sicos para calcular e cobrar o que \u00e9 seu.<\/p>\n<p>N\u00e3o tenha medo de buscar seus direitos. A lei est\u00e1 do seu lado. Se voc\u00ea acredita que a empresa n\u00e3o est\u00e1 pagando suas horas extras corretamente, o melhor caminho \u00e9 procurar orienta\u00e7\u00e3o profissional. Um especialista pode analisar seu caso e indicar a melhor solu\u00e7\u00e3o.<\/p>\n<p>A equipe da RDM Advogados est\u00e1 pronta para ajudar os trabalhadores de Concei\u00e7\u00e3o dos Ouros. <a href=\"https:\/\/rdmadvogados.com.br\/blog\/processo-trabalhista-em-ipanema-como-garantir-seus-direitos-em-2026\/\">Entre em contato conosco<\/a> para uma an\u00e1lise do seu caso. Encontre nosso escrit\u00f3rio facilmente pelo <a href=\"https:\/\/share.google\/3X0RBbxThLoHOO1sA\" target=\"_blank\" rel=\"noopener noreferrer\">Google Maps<\/a> e venha conversar.<\/p>\n<\/section>\n<\/article>\n","protected":false},"excerpt":{"rendered":"<p>Trabalhou al\u00e9m do hor\u00e1rio em Concei\u00e7\u00e3o dos Ouros e n\u00e3o recebeu? Saiba como calcular e cobrar suas horas extras corretamente e garanta seus direitos com nosso guia.<\/p>\n","protected":false},"author":0,"featured_media":16283,"comment_status":"open","ping_status":"closed","sticky":false,"template":"","format":"standard","meta":{"footnotes":""},"categories":[1],"tags":[],"class_list":["post-16284","post","type-post","status-publish","format-standard","has-post-thumbnail","hentry","category-sem-categoria"],"_links":{"self":[{"href":"https:\/\/rdmadvogados.com.br\/blog\/wp-json\/wp\/v2\/posts\/16284","targetHints":{"allow":["GET"]}}],"collection":[{"href":"https:\/\/rdmadvogados.com.br\/blog\/wp-json\/wp\/v2\/posts"}],"about":[{"href":"https:\/\/rdmadvogados.com.br\/blog\/wp-json\/wp\/v2\/types\/post"}],"replies":[{"embeddable":true,"href":"https:\/\/rdmadvogados.com.br\/blog\/wp-json\/wp\/v2\/comments?post=16284"}],"version-history":[{"count":0,"href":"https:\/\/rdmadvogados.com.br\/blog\/wp-json\/wp\/v2\/posts\/16284\/revisions"}],"wp:featuredmedia":[{"embeddable":true,"href":"https:\/\/rdmadvogados.com.br\/blog\/wp-json\/wp\/v2\/media\/16283"}],"wp:attachment":[{"href":"https:\/\/rdmadvogados.com.br\/blog\/wp-json\/wp\/v2\/media?parent=16284"}],"wp:term":[{"taxonomy":"category","embeddable":true,"href":"https:\/\/rdmadvogados.com.br\/blog\/wp-json\/wp\/v2\/categories?post=16284"},{"taxonomy":"post_tag","embeddable":true,"href":"https:\/\/rdmadvogados.com.br\/blog\/wp-json\/wp\/v2\/tags?post=16284"}],"curies":[{"name":"wp","href":"https:\/\/api.w.org\/{rel}","templated":true}]}}